{"id":2873,"date":"2026-02-20T12:32:20","date_gmt":"2026-02-20T12:32:20","guid":{"rendered":"https:\/\/www.erateks.com\/cocukluk-cagi-kanserine-karsi-farkindalik\/"},"modified":"2026-04-07T12:34:46","modified_gmt":"2026-04-07T12:34:46","slug":"cocukluk-cagi-kanserine-karsi-farkindalik","status":"publish","type":"post","link":"https:\/\/www.erateks.com\/tr\/cocukluk-cagi-kanserine-karsi-farkindalik\/","title":{"rendered":"\u00c7ocukluk \u00c7a\u011f\u0131 Kanserine Kar\u015f\u0131 Fark\u0131ndal\u0131k"},"content":{"rendered":"\n<p>15 \u015eubat Uluslararas\u0131 \u00c7ocukluk \u00c7a\u011f\u0131 Kanseri G\u00fcn\u00fc kapsam\u0131nda, \u00e7ocukluk \u00e7a\u011f\u0131 kanserlerine dikkat \u00e7ekmek ve erken fark\u0131ndal\u0131\u011f\u0131n \u00f6nemini vurgulamak amac\u0131yla \u015firketimizde bir fark\u0131ndal\u0131k oturumu ger\u00e7ekle\u015ftirdik.<br\/><br\/>Oturum, ayn\u0131 zamanda Kanserli \u00c7ocuklara Umut Vakf\u0131 (KA\u00c7UV) g\u00f6n\u00fcll\u00fcs\u00fc olan \u00e7al\u0131\u015fma arkada\u015f\u0131m\u0131z taraf\u0131ndan ger\u00e7ekle\u015ftirildi. Bu anlaml\u0131 payla\u015f\u0131m sayesinde, tedavi s\u00fcrecinden ge\u00e7en \u00e7ocuklar ve ailelerine destek olman\u0131n \u00f6nemini bir kez daha hat\u0131rlad\u0131k; toplumsal fark\u0131ndal\u0131k ve dayan\u0131\u015fman\u0131n de\u011ferini birlikte de\u011ferlendirdik. <br\/><br\/>Erateks olarak, daha sa\u011fl\u0131kl\u0131 bir gelecek i\u00e7in fark\u0131ndal\u0131k yaratman\u0131n ve \u00e7ocuklar ile ailelerinin yan\u0131nda olman\u0131n ortak bir sorumluluk oldu\u011funa inan\u0131yoruz.<\/p>\n\n<p><\/p>\n","protected":false},"excerpt":{"rendered":"<p>15 \u015eubat Uluslararas\u0131 \u00c7ocukluk \u00c7a\u011f\u0131 Kanseri G\u00fcn\u00fc kapsam\u0131nda, \u00e7ocukluk \u00e7a\u011f\u0131 kanserlerine dikkat \u00e7ekmek ve erken fark\u0131ndal\u0131\u011f\u0131n \u00f6nemini vurgulamak amac\u0131yla \u015firketimizde bir fark\u0131ndal\u0131k oturumu ger\u00e7ekle\u015ftirdik. Oturum, ayn\u0131 zamanda Kanserli \u00c7ocuklara Umut Vakf\u0131 (KA\u00c7UV) g\u00f6n\u00fcll\u00fcs\u00fc olan \u00e7al\u0131\u015fma arkada\u015f\u0131m\u0131z taraf\u0131ndan ger\u00e7ekle\u015ftirildi. Bu anlaml\u0131 payla\u015f\u0131m sayesinde, tedavi s\u00fcrecinden ge\u00e7en \u00e7ocuklar ve ailelerine destek olman\u0131n \u00f6nemini bir kez daha hat\u0131rlad\u0131k; [&hellip;]<\/p>\n","protected":false},"author":1,"featured_media":2872,"comment_status":"closed","ping_status":"open","sticky":false,"template":"","format":"standard","meta":{"footnotes":""},"categories":[11],"tags":[],"class_list":["post-2873","post","type-post","status-publish","format-standard","has-post-thumbnail","hentry","category-uncategorized-tr"],"yoast_head":"<!-- This site is optimized with the Yoast SEO Premium plugin v27.3 (Yoast SEO v27.3) - https:\/\/yoast.com\/product\/yoast-seo-premium-wordpress\/ -->\n<title>\u00c7ocukluk \u00c7a\u011f\u0131 Kanserine Kar\u015f\u0131 Fark\u0131ndal\u0131k - Erateks Tekstil<\/title>\n<meta name=\"robots\" content=\"index, follow, max-snippet:-1, max-image-preview:large, max-video-preview:-1\" \/>\n<link rel=\"canonical\" href=\"https:\/\/www.erateks.com\/tr\/cocukluk-cagi-kanserine-karsi-farkindalik\/\" \/>\n<meta property=\"og:locale\" content=\"tr_TR\" \/>\n<meta property=\"og:type\" content=\"article\" \/>\n<meta property=\"og:title\" content=\"\u00c7ocukluk \u00c7a\u011f\u0131 Kanserine Kar\u015f\u0131 Fark\u0131ndal\u0131k\" \/>\n<meta property=\"og:description\" content=\"15 \u015eubat Uluslararas\u0131 \u00c7ocukluk \u00c7a\u011f\u0131 Kanseri G\u00fcn\u00fc kapsam\u0131nda, \u00e7ocukluk \u00e7a\u011f\u0131 kanserlerine dikkat \u00e7ekmek ve erken fark\u0131ndal\u0131\u011f\u0131n \u00f6nemini vurgulamak amac\u0131yla \u015firketimizde bir fark\u0131ndal\u0131k oturumu ger\u00e7ekle\u015ftirdik. Oturum, ayn\u0131 zamanda Kanserli \u00c7ocuklara Umut Vakf\u0131 (KA\u00c7UV) g\u00f6n\u00fcll\u00fcs\u00fc olan \u00e7al\u0131\u015fma arkada\u015f\u0131m\u0131z taraf\u0131ndan ger\u00e7ekle\u015ftirildi. Bu anlaml\u0131 payla\u015f\u0131m sayesinde, tedavi s\u00fcrecinden ge\u00e7en \u00e7ocuklar ve ailelerine destek olman\u0131n \u00f6nemini bir kez daha hat\u0131rlad\u0131k; [&hellip;]\" \/>\n<meta property=\"og:url\" content=\"https:\/\/www.erateks.com\/tr\/cocukluk-cagi-kanserine-karsi-farkindalik\/\" \/>\n<meta property=\"og:site_name\" content=\"Erateks Tekstil\" \/>\n<meta property=\"article:published_time\" content=\"2026-02-20T12:32:20+00:00\" \/>\n<meta property=\"article:modified_time\" content=\"2026-04-07T12:34:46+00:00\" \/>\n<meta property=\"og:image\" content=\"https:\/\/www.erateks.com\/wp-content\/uploads\/kacuv.jpeg\" \/>\n\t<meta property=\"og:image:width\" content=\"800\" \/>\n\t<meta property=\"og:image:height\" content=\"800\" \/>\n\t<meta property=\"og:image:type\" content=\"image\/jpeg\" \/>\n<meta name=\"author\" content=\"info@kentcode.com\" \/>\n<meta name=\"twitter:card\" content=\"summary_large_image\" \/>\n<meta name=\"twitter:label1\" content=\"Yazan:\" \/>\n\t<meta name=\"twitter:data1\" content=\"info@kentcode.com\" \/>\n\t<meta name=\"twitter:label2\" content=\"Tahmini okuma s\u00fcresi\" \/>\n\t<meta name=\"twitter:data2\" content=\"1 dakika\" \/>\n<script type=\"application\/ld+json\" class=\"yoast-schema-graph\">{\"@context\":\"https:\\\/\\\/schema.org\",\"@graph\":[{\"@type\":\"Article\",\"@id\":\"https:\\\/\\\/www.erateks.com\\\/tr\\\/cocukluk-cagi-kanserine-karsi-farkindalik\\\/#article\",\"isPartOf\":{\"@id\":\"https:\\\/\\\/www.erateks.com\\\/tr\\\/cocukluk-cagi-kanserine-karsi-farkindalik\\\/\"},\"author\":{\"name\":\"info@kentcode.com\",\"@id\":\"https:\\\/\\\/www.erateks.com\\\/tr\\\/#\\\/schema\\\/person\\\/80edda29e98016c17aa5fd3999f2d701\"},\"headline\":\"\u00c7ocukluk \u00c7a\u011f\u0131 Kanserine Kar\u015f\u0131 Fark\u0131ndal\u0131k\",\"datePublished\":\"2026-02-20T12:32:20+00:00\",\"dateModified\":\"2026-04-07T12:34:46+00:00\",\"mainEntityOfPage\":{\"@id\":\"https:\\\/\\\/www.erateks.com\\\/tr\\\/cocukluk-cagi-kanserine-karsi-farkindalik\\\/\"},\"wordCount\":129,\"publisher\":{\"@id\":\"https:\\\/\\\/www.erateks.com\\\/tr\\\/#organization\"},\"image\":{\"@id\":\"https:\\\/\\\/www.erateks.com\\\/tr\\\/cocukluk-cagi-kanserine-karsi-farkindalik\\\/#primaryimage\"},\"thumbnailUrl\":\"https:\\\/\\\/www.erateks.com\\\/wp-content\\\/uploads\\\/kacuv.jpeg\",\"articleSection\":[\"Uncategorized @tr\"],\"inLanguage\":\"tr\",\"copyrightYear\":\"2026\",\"copyrightHolder\":{\"@id\":\"https:\\\/\\\/www.erateks.com\\\/#organization\"}},{\"@type\":\"WebPage\",\"@id\":\"https:\\\/\\\/www.erateks.com\\\/tr\\\/cocukluk-cagi-kanserine-karsi-farkindalik\\\/\",\"url\":\"https:\\\/\\\/www.erateks.com\\\/tr\\\/cocukluk-cagi-kanserine-karsi-farkindalik\\\/\",\"name\":\"\u00c7ocukluk \u00c7a\u011f\u0131 Kanserine Kar\u015f\u0131 Fark\u0131ndal\u0131k - Erateks Tekstil\",\"isPartOf\":{\"@id\":\"https:\\\/\\\/www.erateks.com\\\/tr\\\/#website\"},\"primaryImageOfPage\":{\"@id\":\"https:\\\/\\\/www.erateks.com\\\/tr\\\/cocukluk-cagi-kanserine-karsi-farkindalik\\\/#primaryimage\"},\"image\":{\"@id\":\"https:\\\/\\\/www.erateks.com\\\/tr\\\/cocukluk-cagi-kanserine-karsi-farkindalik\\\/#primaryimage\"},\"thumbnailUrl\":\"https:\\\/\\\/www.erateks.com\\\/wp-content\\\/uploads\\\/kacuv.jpeg\",\"datePublished\":\"2026-02-20T12:32:20+00:00\",\"dateModified\":\"2026-04-07T12:34:46+00:00\",\"breadcrumb\":{\"@id\":\"https:\\\/\\\/www.erateks.com\\\/tr\\\/cocukluk-cagi-kanserine-karsi-farkindalik\\\/#breadcrumb\"},\"inLanguage\":\"tr\",\"potentialAction\":[{\"@type\":\"ReadAction\",\"target\":[\"https:\\\/\\\/www.erateks.com\\\/tr\\\/cocukluk-cagi-kanserine-karsi-farkindalik\\\/\"]}]},{\"@type\":\"ImageObject\",\"inLanguage\":\"tr\",\"@id\":\"https:\\\/\\\/www.erateks.com\\\/tr\\\/cocukluk-cagi-kanserine-karsi-farkindalik\\\/#primaryimage\",\"url\":\"https:\\\/\\\/www.erateks.com\\\/wp-content\\\/uploads\\\/kacuv.jpeg\",\"contentUrl\":\"https:\\\/\\\/www.erateks.com\\\/wp-content\\\/uploads\\\/kacuv.jpeg\",\"width\":800,\"height\":800,\"caption\":\"\u00c7ocukluk \u00c7a\u011f\u0131 Kanserine Kar\u015f\u0131 Fark\u0131ndal\u0131k\"},{\"@type\":\"BreadcrumbList\",\"@id\":\"https:\\\/\\\/www.erateks.com\\\/tr\\\/cocukluk-cagi-kanserine-karsi-farkindalik\\\/#breadcrumb\",\"itemListElement\":[{\"@type\":\"ListItem\",\"position\":1,\"name\":\"Home\",\"item\":\"https:\\\/\\\/www.erateks.com\\\/tr\\\/\"},{\"@type\":\"ListItem\",\"position\":2,\"name\":\"\u00c7ocukluk \u00c7a\u011f\u0131 Kanserine Kar\u015f\u0131 Fark\u0131ndal\u0131k\"}]},{\"@type\":\"WebSite\",\"@id\":\"https:\\\/\\\/www.erateks.com\\\/tr\\\/#website\",\"url\":\"https:\\\/\\\/www.erateks.com\\\/tr\\\/\",\"name\":\"Erateks Tekstil\",\"description\":\"\",\"publisher\":{\"@id\":\"https:\\\/\\\/www.erateks.com\\\/tr\\\/#organization\"},\"alternateName\":\"Erateks Textile\",\"potentialAction\":[{\"@type\":\"SearchAction\",\"target\":{\"@type\":\"EntryPoint\",\"urlTemplate\":\"https:\\\/\\\/www.erateks.com\\\/tr\\\/?s={search_term_string}\"},\"query-input\":{\"@type\":\"PropertyValueSpecification\",\"valueRequired\":true,\"valueName\":\"search_term_string\"}}],\"inLanguage\":\"tr\"},{\"@type\":\"Organization\",\"@id\":\"https:\\\/\\\/www.erateks.com\\\/tr\\\/#organization\",\"name\":\"Erateks Tekstil\",\"alternateName\":\"Erateks Textile\",\"url\":\"https:\\\/\\\/www.erateks.com\\\/tr\\\/\",\"logo\":{\"@type\":\"ImageObject\",\"inLanguage\":\"tr\",\"@id\":\"https:\\\/\\\/www.erateks.com\\\/tr\\\/#\\\/schema\\\/logo\\\/image\\\/\",\"url\":\"https:\\\/\\\/www.erateks.com\\\/wp-content\\\/uploads\\\/1.-Logo-Erateks-Main.png\",\"contentUrl\":\"https:\\\/\\\/www.erateks.com\\\/wp-content\\\/uploads\\\/1.-Logo-Erateks-Main.png\",\"width\":1510,\"height\":526,\"caption\":\"Erateks Tekstil\"},\"image\":{\"@id\":\"https:\\\/\\\/www.erateks.com\\\/tr\\\/#\\\/schema\\\/logo\\\/image\\\/\"},\"sameAs\":[\"https:\\\/\\\/www.linkedin.com\\\/company\\\/erateks-tekstil\\\/\",\"https:\\\/\\\/www.instagram.com\\\/eratekstekstil\"],\"description\":\"Innovative in Product. Sustainable in Practice. Active in Performance. Erateks is a leading manufacturer of high-performance, responsibly made sportswear for global brands. We combine innovative materials, technical expertise, and sustainable practices to deliver apparel that meets the demands of today\u2019s athletes and active lifestyles.\",\"legalName\":\"Erateks Tekstil San. ve Tic. A.\u015e.\",\"foundingDate\":\"1992-01-01\",\"numberOfEmployees\":{\"@type\":\"QuantitativeValue\",\"minValue\":\"1001\",\"maxValue\":\"5000\"},\"publishingPrinciples\":\"https:\\\/\\\/www.erateks.com\\\/personal-data-protection\\\/\",\"ownershipFundingInfo\":\"https:\\\/\\\/www.erateks.com\\\/personal-data-protection\\\/\",\"actionableFeedbackPolicy\":\"https:\\\/\\\/www.erateks.com\\\/personal-data-protection\\\/\",\"correctionsPolicy\":\"https:\\\/\\\/www.erateks.com\\\/personal-data-protection\\\/\",\"ethicsPolicy\":\"https:\\\/\\\/www.erateks.com\\\/personal-data-protection\\\/\",\"diversityPolicy\":\"https:\\\/\\\/www.erateks.com\\\/personal-data-protection\\\/\",\"diversityStaffingReport\":\"https:\\\/\\\/www.erateks.com\\\/personal-data-protection\\\/\"},{\"@type\":\"Person\",\"@id\":\"https:\\\/\\\/www.erateks.com\\\/tr\\\/#\\\/schema\\\/person\\\/80edda29e98016c17aa5fd3999f2d701\",\"name\":\"info@kentcode.com\",\"sameAs\":[\"http:\\\/\\\/erateks.com\"]}]}<\/script>\n<!-- \/ Yoast SEO Premium plugin. -->","yoast_head_json":{"title":"\u00c7ocukluk \u00c7a\u011f\u0131 Kanserine Kar\u015f\u0131 Fark\u0131ndal\u0131k - Erateks Tekstil","robots":{"index":"index","follow":"follow","max-snippet":"max-snippet:-1","max-image-preview":"max-image-preview:large","max-video-preview":"max-video-preview:-1"},"canonical":"https:\/\/www.erateks.com\/tr\/cocukluk-cagi-kanserine-karsi-farkindalik\/","og_locale":"tr_TR","og_type":"article","og_title":"\u00c7ocukluk \u00c7a\u011f\u0131 Kanserine Kar\u015f\u0131 Fark\u0131ndal\u0131k","og_description":"15 \u015eubat Uluslararas\u0131 \u00c7ocukluk \u00c7a\u011f\u0131 Kanseri G\u00fcn\u00fc kapsam\u0131nda, \u00e7ocukluk \u00e7a\u011f\u0131 kanserlerine dikkat \u00e7ekmek ve erken fark\u0131ndal\u0131\u011f\u0131n \u00f6nemini vurgulamak amac\u0131yla \u015firketimizde bir fark\u0131ndal\u0131k oturumu ger\u00e7ekle\u015ftirdik. Oturum, ayn\u0131 zamanda Kanserli \u00c7ocuklara Umut Vakf\u0131 (KA\u00c7UV) g\u00f6n\u00fcll\u00fcs\u00fc olan \u00e7al\u0131\u015fma arkada\u015f\u0131m\u0131z taraf\u0131ndan ger\u00e7ekle\u015ftirildi. Bu anlaml\u0131 payla\u015f\u0131m sayesinde, tedavi s\u00fcrecinden ge\u00e7en \u00e7ocuklar ve ailelerine destek olman\u0131n \u00f6nemini bir kez daha hat\u0131rlad\u0131k; [&hellip;]","og_url":"https:\/\/www.erateks.com\/tr\/cocukluk-cagi-kanserine-karsi-farkindalik\/","og_site_name":"Erateks Tekstil","article_published_time":"2026-02-20T12:32:20+00:00","article_modified_time":"2026-04-07T12:34:46+00:00","og_image":[{"width":800,"height":800,"url":"https:\/\/www.erateks.com\/wp-content\/uploads\/kacuv.jpeg","type":"image\/jpeg"}],"author":"info@kentcode.com","twitter_card":"summary_large_image","twitter_misc":{"Yazan:":"info@kentcode.com","Tahmini okuma s\u00fcresi":"1 dakika"},"schema":{"@context":"https:\/\/schema.org","@graph":[{"@type":"Article","@id":"https:\/\/www.erateks.com\/tr\/cocukluk-cagi-kanserine-karsi-farkindalik\/#article","isPartOf":{"@id":"https:\/\/www.erateks.com\/tr\/cocukluk-cagi-kanserine-karsi-farkindalik\/"},"author":{"name":"info@kentcode.com","@id":"https:\/\/www.erateks.com\/tr\/#\/schema\/person\/80edda29e98016c17aa5fd3999f2d701"},"headline":"\u00c7ocukluk \u00c7a\u011f\u0131 Kanserine Kar\u015f\u0131 Fark\u0131ndal\u0131k","datePublished":"2026-02-20T12:32:20+00:00","dateModified":"2026-04-07T12:34:46+00:00","mainEntityOfPage":{"@id":"https:\/\/www.erateks.com\/tr\/cocukluk-cagi-kanserine-karsi-farkindalik\/"},"wordCount":129,"publisher":{"@id":"https:\/\/www.erateks.com\/tr\/#organization"},"image":{"@id":"https:\/\/www.erateks.com\/tr\/cocukluk-cagi-kanserine-karsi-farkindalik\/#primaryimage"},"thumbnailUrl":"https:\/\/www.erateks.com\/wp-content\/uploads\/kacuv.jpeg","articleSection":["Uncategorized @tr"],"inLanguage":"tr","copyrightYear":"2026","copyrightHolder":{"@id":"https:\/\/www.erateks.com\/#organization"}},{"@type":"WebPage","@id":"https:\/\/www.erateks.com\/tr\/cocukluk-cagi-kanserine-karsi-farkindalik\/","url":"https:\/\/www.erateks.com\/tr\/cocukluk-cagi-kanserine-karsi-farkindalik\/","name":"\u00c7ocukluk \u00c7a\u011f\u0131 Kanserine Kar\u015f\u0131 Fark\u0131ndal\u0131k - Erateks Tekstil","isPartOf":{"@id":"https:\/\/www.erateks.com\/tr\/#website"},"primaryImageOfPage":{"@id":"https:\/\/www.erateks.com\/tr\/cocukluk-cagi-kanserine-karsi-farkindalik\/#primaryimage"},"image":{"@id":"https:\/\/www.erateks.com\/tr\/cocukluk-cagi-kanserine-karsi-farkindalik\/#primaryimage"},"thumbnailUrl":"https:\/\/www.erateks.com\/wp-content\/uploads\/kacuv.jpeg","datePublished":"2026-02-20T12:32:20+00:00","dateModified":"2026-04-07T12:34:46+00:00","breadcrumb":{"@id":"https:\/\/www.erateks.com\/tr\/cocukluk-cagi-kanserine-karsi-farkindalik\/#breadcrumb"},"inLanguage":"tr","potentialAction":[{"@type":"ReadAction","target":["https:\/\/www.erateks.com\/tr\/cocukluk-cagi-kanserine-karsi-farkindalik\/"]}]},{"@type":"ImageObject","inLanguage":"tr","@id":"https:\/\/www.erateks.com\/tr\/cocukluk-cagi-kanserine-karsi-farkindalik\/#primaryimage","url":"https:\/\/www.erateks.com\/wp-content\/uploads\/kacuv.jpeg","contentUrl":"https:\/\/www.erateks.com\/wp-content\/uploads\/kacuv.jpeg","width":800,"height":800,"caption":"\u00c7ocukluk \u00c7a\u011f\u0131 Kanserine Kar\u015f\u0131 Fark\u0131ndal\u0131k"},{"@type":"BreadcrumbList","@id":"https:\/\/www.erateks.com\/tr\/cocukluk-cagi-kanserine-karsi-farkindalik\/#breadcrumb","itemListElement":[{"@type":"ListItem","position":1,"name":"Home","item":"https:\/\/www.erateks.com\/tr\/"},{"@type":"ListItem","position":2,"name":"\u00c7ocukluk \u00c7a\u011f\u0131 Kanserine Kar\u015f\u0131 Fark\u0131ndal\u0131k"}]},{"@type":"WebSite","@id":"https:\/\/www.erateks.com\/tr\/#website","url":"https:\/\/www.erateks.com\/tr\/","name":"Erateks Tekstil","description":"","publisher":{"@id":"https:\/\/www.erateks.com\/tr\/#organization"},"alternateName":"Erateks Textile","potentialAction":[{"@type":"SearchAction","target":{"@type":"EntryPoint","urlTemplate":"https:\/\/www.erateks.com\/tr\/?s={search_term_string}"},"query-input":{"@type":"PropertyValueSpecification","valueRequired":true,"valueName":"search_term_string"}}],"inLanguage":"tr"},{"@type":"Organization","@id":"https:\/\/www.erateks.com\/tr\/#organization","name":"Erateks Tekstil","alternateName":"Erateks Textile","url":"https:\/\/www.erateks.com\/tr\/","logo":{"@type":"ImageObject","inLanguage":"tr","@id":"https:\/\/www.erateks.com\/tr\/#\/schema\/logo\/image\/","url":"https:\/\/www.erateks.com\/wp-content\/uploads\/1.-Logo-Erateks-Main.png","contentUrl":"https:\/\/www.erateks.com\/wp-content\/uploads\/1.-Logo-Erateks-Main.png","width":1510,"height":526,"caption":"Erateks Tekstil"},"image":{"@id":"https:\/\/www.erateks.com\/tr\/#\/schema\/logo\/image\/"},"sameAs":["https:\/\/www.linkedin.com\/company\/erateks-tekstil\/","https:\/\/www.instagram.com\/eratekstekstil"],"description":"Innovative in Product. Sustainable in Practice. Active in Performance. Erateks is a leading manufacturer of high-performance, responsibly made sportswear for global brands. We combine innovative materials, technical expertise, and sustainable practices to deliver apparel that meets the demands of today\u2019s athletes and active lifestyles.","legalName":"Erateks Tekstil San. ve Tic. A.\u015e.","foundingDate":"1992-01-01","numberOfEmployees":{"@type":"QuantitativeValue","minValue":"1001","maxValue":"5000"},"publishingPrinciples":"https:\/\/www.erateks.com\/personal-data-protection\/","ownershipFundingInfo":"https:\/\/www.erateks.com\/personal-data-protection\/","actionableFeedbackPolicy":"https:\/\/www.erateks.com\/personal-data-protection\/","correctionsPolicy":"https:\/\/www.erateks.com\/personal-data-protection\/","ethicsPolicy":"https:\/\/www.erateks.com\/personal-data-protection\/","diversityPolicy":"https:\/\/www.erateks.com\/personal-data-protection\/","diversityStaffingReport":"https:\/\/www.erateks.com\/personal-data-protection\/"},{"@type":"Person","@id":"https:\/\/www.erateks.com\/tr\/#\/schema\/person\/80edda29e98016c17aa5fd3999f2d701","name":"info@kentcode.com","sameAs":["http:\/\/erateks.com"]}]}},"_links":{"self":[{"href":"https:\/\/www.erateks.com\/tr\/wp-json\/wp\/v2\/posts\/2873","targetHints":{"allow":["GET"]}}],"collection":[{"href":"https:\/\/www.erateks.com\/tr\/wp-json\/wp\/v2\/posts"}],"about":[{"href":"https:\/\/www.erateks.com\/tr\/wp-json\/wp\/v2\/types\/post"}],"author":[{"embeddable":true,"href":"https:\/\/www.erateks.com\/tr\/wp-json\/wp\/v2\/users\/1"}],"replies":[{"embeddable":true,"href":"https:\/\/www.erateks.com\/tr\/wp-json\/wp\/v2\/comments?post=2873"}],"version-history":[{"count":1,"href":"https:\/\/www.erateks.com\/tr\/wp-json\/wp\/v2\/posts\/2873\/revisions"}],"predecessor-version":[{"id":2874,"href":"https:\/\/www.erateks.com\/tr\/wp-json\/wp\/v2\/posts\/2873\/revisions\/2874"}],"wp:featuredmedia":[{"embeddable":true,"href":"https:\/\/www.erateks.com\/tr\/wp-json\/wp\/v2\/media\/2872"}],"wp:attachment":[{"href":"https:\/\/www.erateks.com\/tr\/wp-json\/wp\/v2\/media?parent=2873"}],"wp:term":[{"taxonomy":"category","embeddable":true,"href":"https:\/\/www.erateks.com\/tr\/wp-json\/wp\/v2\/categories?post=2873"},{"taxonomy":"post_tag","embeddable":true,"href":"https:\/\/www.erateks.com\/tr\/wp-json\/wp\/v2\/tags?post=2873"}],"curies":[{"name":"wp","href":"https:\/\/api.w.org\/{rel}","templated":true}]}}