{"id":2867,"date":"2026-03-26T12:26:09","date_gmt":"2026-03-26T12:26:09","guid":{"rendered":"https:\/\/www.erateks.com\/yesil-mutabakat-yolculugumuzda-onemli-bir-adim\/"},"modified":"2026-04-07T12:30:53","modified_gmt":"2026-04-07T12:30:53","slug":"yesil-mutabakat-yolculugumuzda-onemli-bir-adim","status":"publish","type":"post","link":"https:\/\/www.erateks.com\/tr\/yesil-mutabakat-yolculugumuzda-onemli-bir-adim\/","title":{"rendered":"Ye\u015fil Mutabakat Yolculu\u011fumuzda \u00d6nemli Bir Ad\u0131m"},"content":{"rendered":"\n<p>Responsible\u00ae\ufe0f Program\u0131 kapsam\u0131nda, T.C. Ticaret Bakanl\u0131\u011f\u0131 taraf\u0131ndan y\u00fcr\u00fct\u00fclen ve \u015firketlerin Avrupa Birli\u011fi Ye\u015fil Mutabakat\u0131\u2019na uyumunu desteklemeyi ama\u00e7layan program\u0131n Faz 1 a\u015famas\u0131n\u0131 ba\u015far\u0131yla tamamlad\u0131k.<\/p>\n\n<p>Bu s\u00fcre\u00e7 kapsam\u0131nda, Mevcut Durum Analizimiz ve S\u00fcrd\u00fcr\u00fclebilirlik Yol Haritam\u0131z Bakanl\u0131k nezdinde sunulmu\u015ftur. S\u00fcre\u00e7 boyunca de\u011ferli katk\u0131lar\u0131yla yan\u0131m\u0131zda olan Greenlife Dan\u0131\u015fmanl\u0131k ekibine te\u015fekk\u00fcr ederiz. <\/p>\n\n<p>Bu s\u00fcre\u00e7 kapsam\u0131nda, Mevcut Durum Analizimiz ve S\u00fcrd\u00fcr\u00fclebilirlik Yol Haritam\u0131z Bakanl\u0131k nezdinde sunulmu\u015ftur. S\u00fcre\u00e7 boyunca de\u011ferli katk\u0131lar\u0131yla yan\u0131m\u0131zda olan Greenlife Dan\u0131\u015fmanl\u0131k ekibine te\u015fekk\u00fcr ederiz.<\/p>\n\n<p><\/p>\n","protected":false},"excerpt":{"rendered":"<p>Responsible\u00ae\ufe0f Program\u0131 kapsam\u0131nda, T.C. Ticaret Bakanl\u0131\u011f\u0131 taraf\u0131ndan y\u00fcr\u00fct\u00fclen ve \u015firketlerin Avrupa Birli\u011fi Ye\u015fil Mutabakat\u0131\u2019na uyumunu desteklemeyi ama\u00e7layan program\u0131n Faz 1 a\u015famas\u0131n\u0131 ba\u015far\u0131yla tamamlad\u0131k. Bu s\u00fcre\u00e7 kapsam\u0131nda, Mevcut Durum Analizimiz ve S\u00fcrd\u00fcr\u00fclebilirlik Yol Haritam\u0131z Bakanl\u0131k nezdinde sunulmu\u015ftur. S\u00fcre\u00e7 boyunca de\u011ferli katk\u0131lar\u0131yla yan\u0131m\u0131zda olan Greenlife Dan\u0131\u015fmanl\u0131k ekibine te\u015fekk\u00fcr ederiz. Bu s\u00fcre\u00e7 kapsam\u0131nda, Mevcut Durum Analizimiz ve S\u00fcrd\u00fcr\u00fclebilirlik [&hellip;]<\/p>\n","protected":false},"author":1,"featured_media":2866,"comment_status":"closed","ping_status":"open","sticky":false,"template":"","format":"standard","meta":{"footnotes":""},"categories":[11],"tags":[],"class_list":["post-2867","post","type-post","status-publish","format-standard","has-post-thumbnail","hentry","category-uncategorized-tr"],"yoast_head":"<!-- This site is optimized with the Yoast SEO Premium plugin v27.3 (Yoast SEO v27.3) - https:\/\/yoast.com\/product\/yoast-seo-premium-wordpress\/ -->\n<title>Ye\u015fil Mutabakat Yolculu\u011fumuzda \u00d6nemli Bir Ad\u0131m - Erateks Tekstil<\/title>\n<meta name=\"robots\" content=\"index, follow, max-snippet:-1, max-image-preview:large, max-video-preview:-1\" \/>\n<link rel=\"canonical\" href=\"https:\/\/www.erateks.com\/tr\/yesil-mutabakat-yolculugumuzda-onemli-bir-adim\/\" \/>\n<meta property=\"og:locale\" content=\"tr_TR\" \/>\n<meta property=\"og:type\" content=\"article\" \/>\n<meta property=\"og:title\" content=\"Ye\u015fil Mutabakat Yolculu\u011fumuzda \u00d6nemli Bir Ad\u0131m\" \/>\n<meta property=\"og:description\" content=\"Responsible\u00ae\ufe0f Program\u0131 kapsam\u0131nda, T.C. Ticaret Bakanl\u0131\u011f\u0131 taraf\u0131ndan y\u00fcr\u00fct\u00fclen ve \u015firketlerin Avrupa Birli\u011fi Ye\u015fil Mutabakat\u0131\u2019na uyumunu desteklemeyi ama\u00e7layan program\u0131n Faz 1 a\u015famas\u0131n\u0131 ba\u015far\u0131yla tamamlad\u0131k. Bu s\u00fcre\u00e7 kapsam\u0131nda, Mevcut Durum Analizimiz ve S\u00fcrd\u00fcr\u00fclebilirlik Yol Haritam\u0131z Bakanl\u0131k nezdinde sunulmu\u015ftur. S\u00fcre\u00e7 boyunca de\u011ferli katk\u0131lar\u0131yla yan\u0131m\u0131zda olan Greenlife Dan\u0131\u015fmanl\u0131k ekibine te\u015fekk\u00fcr ederiz. Bu s\u00fcre\u00e7 kapsam\u0131nda, Mevcut Durum Analizimiz ve S\u00fcrd\u00fcr\u00fclebilirlik [&hellip;]\" \/>\n<meta property=\"og:url\" content=\"https:\/\/www.erateks.com\/tr\/yesil-mutabakat-yolculugumuzda-onemli-bir-adim\/\" \/>\n<meta property=\"og:site_name\" content=\"Erateks Tekstil\" \/>\n<meta property=\"article:published_time\" content=\"2026-03-26T12:26:09+00:00\" \/>\n<meta property=\"article:modified_time\" content=\"2026-04-07T12:30:53+00:00\" \/>\n<meta property=\"og:image\" content=\"https:\/\/www.erateks.com\/wp-content\/uploads\/responsible.jpeg\" \/>\n\t<meta property=\"og:image:width\" content=\"800\" \/>\n\t<meta property=\"og:image:height\" content=\"537\" \/>\n\t<meta property=\"og:image:type\" content=\"image\/jpeg\" \/>\n<meta name=\"author\" content=\"info@kentcode.com\" \/>\n<meta name=\"twitter:card\" content=\"summary_large_image\" \/>\n<meta name=\"twitter:label1\" content=\"Yazan:\" \/>\n\t<meta name=\"twitter:data1\" content=\"info@kentcode.com\" \/>\n\t<meta name=\"twitter:label2\" content=\"Tahmini okuma s\u00fcresi\" \/>\n\t<meta name=\"twitter:data2\" content=\"1 dakika\" \/>\n<script type=\"application\/ld+json\" class=\"yoast-schema-graph\">{\"@context\":\"https:\\\/\\\/schema.org\",\"@graph\":[{\"@type\":\"Article\",\"@id\":\"https:\\\/\\\/www.erateks.com\\\/tr\\\/yesil-mutabakat-yolculugumuzda-onemli-bir-adim\\\/#article\",\"isPartOf\":{\"@id\":\"https:\\\/\\\/www.erateks.com\\\/tr\\\/yesil-mutabakat-yolculugumuzda-onemli-bir-adim\\\/\"},\"author\":{\"name\":\"info@kentcode.com\",\"@id\":\"https:\\\/\\\/www.erateks.com\\\/tr\\\/#\\\/schema\\\/person\\\/80edda29e98016c17aa5fd3999f2d701\"},\"headline\":\"Ye\u015fil Mutabakat Yolculu\u011fumuzda \u00d6nemli Bir Ad\u0131m\",\"datePublished\":\"2026-03-26T12:26:09+00:00\",\"dateModified\":\"2026-04-07T12:30:53+00:00\",\"mainEntityOfPage\":{\"@id\":\"https:\\\/\\\/www.erateks.com\\\/tr\\\/yesil-mutabakat-yolculugumuzda-onemli-bir-adim\\\/\"},\"wordCount\":131,\"publisher\":{\"@id\":\"https:\\\/\\\/www.erateks.com\\\/tr\\\/#organization\"},\"image\":{\"@id\":\"https:\\\/\\\/www.erateks.com\\\/tr\\\/yesil-mutabakat-yolculugumuzda-onemli-bir-adim\\\/#primaryimage\"},\"thumbnailUrl\":\"https:\\\/\\\/www.erateks.com\\\/wp-content\\\/uploads\\\/responsible.jpeg\",\"articleSection\":[\"Uncategorized @tr\"],\"inLanguage\":\"tr\",\"copyrightYear\":\"2026\",\"copyrightHolder\":{\"@id\":\"https:\\\/\\\/www.erateks.com\\\/#organization\"}},{\"@type\":\"WebPage\",\"@id\":\"https:\\\/\\\/www.erateks.com\\\/tr\\\/yesil-mutabakat-yolculugumuzda-onemli-bir-adim\\\/\",\"url\":\"https:\\\/\\\/www.erateks.com\\\/tr\\\/yesil-mutabakat-yolculugumuzda-onemli-bir-adim\\\/\",\"name\":\"Ye\u015fil Mutabakat Yolculu\u011fumuzda \u00d6nemli Bir Ad\u0131m - Erateks Tekstil\",\"isPartOf\":{\"@id\":\"https:\\\/\\\/www.erateks.com\\\/tr\\\/#website\"},\"primaryImageOfPage\":{\"@id\":\"https:\\\/\\\/www.erateks.com\\\/tr\\\/yesil-mutabakat-yolculugumuzda-onemli-bir-adim\\\/#primaryimage\"},\"image\":{\"@id\":\"https:\\\/\\\/www.erateks.com\\\/tr\\\/yesil-mutabakat-yolculugumuzda-onemli-bir-adim\\\/#primaryimage\"},\"thumbnailUrl\":\"https:\\\/\\\/www.erateks.com\\\/wp-content\\\/uploads\\\/responsible.jpeg\",\"datePublished\":\"2026-03-26T12:26:09+00:00\",\"dateModified\":\"2026-04-07T12:30:53+00:00\",\"breadcrumb\":{\"@id\":\"https:\\\/\\\/www.erateks.com\\\/tr\\\/yesil-mutabakat-yolculugumuzda-onemli-bir-adim\\\/#breadcrumb\"},\"inLanguage\":\"tr\",\"potentialAction\":[{\"@type\":\"ReadAction\",\"target\":[\"https:\\\/\\\/www.erateks.com\\\/tr\\\/yesil-mutabakat-yolculugumuzda-onemli-bir-adim\\\/\"]}]},{\"@type\":\"ImageObject\",\"inLanguage\":\"tr\",\"@id\":\"https:\\\/\\\/www.erateks.com\\\/tr\\\/yesil-mutabakat-yolculugumuzda-onemli-bir-adim\\\/#primaryimage\",\"url\":\"https:\\\/\\\/www.erateks.com\\\/wp-content\\\/uploads\\\/responsible.jpeg\",\"contentUrl\":\"https:\\\/\\\/www.erateks.com\\\/wp-content\\\/uploads\\\/responsible.jpeg\",\"width\":800,\"height\":537,\"caption\":\"Ye\u015fil Mutabakat Yolculu\u011fumuzda \u00d6nemli Bir Ad\u0131m\"},{\"@type\":\"BreadcrumbList\",\"@id\":\"https:\\\/\\\/www.erateks.com\\\/tr\\\/yesil-mutabakat-yolculugumuzda-onemli-bir-adim\\\/#breadcrumb\",\"itemListElement\":[{\"@type\":\"ListItem\",\"position\":1,\"name\":\"Home\",\"item\":\"https:\\\/\\\/www.erateks.com\\\/tr\\\/\"},{\"@type\":\"ListItem\",\"position\":2,\"name\":\"Ye\u015fil Mutabakat Yolculu\u011fumuzda \u00d6nemli Bir Ad\u0131m\"}]},{\"@type\":\"WebSite\",\"@id\":\"https:\\\/\\\/www.erateks.com\\\/tr\\\/#website\",\"url\":\"https:\\\/\\\/www.erateks.com\\\/tr\\\/\",\"name\":\"Erateks Tekstil\",\"description\":\"\",\"publisher\":{\"@id\":\"https:\\\/\\\/www.erateks.com\\\/tr\\\/#organization\"},\"alternateName\":\"Erateks Textile\",\"potentialAction\":[{\"@type\":\"SearchAction\",\"target\":{\"@type\":\"EntryPoint\",\"urlTemplate\":\"https:\\\/\\\/www.erateks.com\\\/tr\\\/?s={search_term_string}\"},\"query-input\":{\"@type\":\"PropertyValueSpecification\",\"valueRequired\":true,\"valueName\":\"search_term_string\"}}],\"inLanguage\":\"tr\"},{\"@type\":\"Organization\",\"@id\":\"https:\\\/\\\/www.erateks.com\\\/tr\\\/#organization\",\"name\":\"Erateks Tekstil\",\"alternateName\":\"Erateks Textile\",\"url\":\"https:\\\/\\\/www.erateks.com\\\/tr\\\/\",\"logo\":{\"@type\":\"ImageObject\",\"inLanguage\":\"tr\",\"@id\":\"https:\\\/\\\/www.erateks.com\\\/tr\\\/#\\\/schema\\\/logo\\\/image\\\/\",\"url\":\"https:\\\/\\\/www.erateks.com\\\/wp-content\\\/uploads\\\/1.-Logo-Erateks-Main.png\",\"contentUrl\":\"https:\\\/\\\/www.erateks.com\\\/wp-content\\\/uploads\\\/1.-Logo-Erateks-Main.png\",\"width\":1510,\"height\":526,\"caption\":\"Erateks Tekstil\"},\"image\":{\"@id\":\"https:\\\/\\\/www.erateks.com\\\/tr\\\/#\\\/schema\\\/logo\\\/image\\\/\"},\"sameAs\":[\"https:\\\/\\\/www.linkedin.com\\\/company\\\/erateks-tekstil\\\/\",\"https:\\\/\\\/www.instagram.com\\\/eratekstekstil\"],\"description\":\"Innovative in Product. Sustainable in Practice. Active in Performance. Erateks is a leading manufacturer of high-performance, responsibly made sportswear for global brands. We combine innovative materials, technical expertise, and sustainable practices to deliver apparel that meets the demands of today\u2019s athletes and active lifestyles.\",\"legalName\":\"Erateks Tekstil San. ve Tic. A.\u015e.\",\"foundingDate\":\"1992-01-01\",\"numberOfEmployees\":{\"@type\":\"QuantitativeValue\",\"minValue\":\"1001\",\"maxValue\":\"5000\"},\"publishingPrinciples\":\"https:\\\/\\\/www.erateks.com\\\/personal-data-protection\\\/\",\"ownershipFundingInfo\":\"https:\\\/\\\/www.erateks.com\\\/personal-data-protection\\\/\",\"actionableFeedbackPolicy\":\"https:\\\/\\\/www.erateks.com\\\/personal-data-protection\\\/\",\"correctionsPolicy\":\"https:\\\/\\\/www.erateks.com\\\/personal-data-protection\\\/\",\"ethicsPolicy\":\"https:\\\/\\\/www.erateks.com\\\/personal-data-protection\\\/\",\"diversityPolicy\":\"https:\\\/\\\/www.erateks.com\\\/personal-data-protection\\\/\",\"diversityStaffingReport\":\"https:\\\/\\\/www.erateks.com\\\/personal-data-protection\\\/\"},{\"@type\":\"Person\",\"@id\":\"https:\\\/\\\/www.erateks.com\\\/tr\\\/#\\\/schema\\\/person\\\/80edda29e98016c17aa5fd3999f2d701\",\"name\":\"info@kentcode.com\",\"sameAs\":[\"http:\\\/\\\/erateks.com\"]}]}<\/script>\n<!-- \/ Yoast SEO Premium plugin. -->","yoast_head_json":{"title":"Ye\u015fil Mutabakat Yolculu\u011fumuzda \u00d6nemli Bir Ad\u0131m - Erateks Tekstil","robots":{"index":"index","follow":"follow","max-snippet":"max-snippet:-1","max-image-preview":"max-image-preview:large","max-video-preview":"max-video-preview:-1"},"canonical":"https:\/\/www.erateks.com\/tr\/yesil-mutabakat-yolculugumuzda-onemli-bir-adim\/","og_locale":"tr_TR","og_type":"article","og_title":"Ye\u015fil Mutabakat Yolculu\u011fumuzda \u00d6nemli Bir Ad\u0131m","og_description":"Responsible\u00ae\ufe0f Program\u0131 kapsam\u0131nda, T.C. Ticaret Bakanl\u0131\u011f\u0131 taraf\u0131ndan y\u00fcr\u00fct\u00fclen ve \u015firketlerin Avrupa Birli\u011fi Ye\u015fil Mutabakat\u0131\u2019na uyumunu desteklemeyi ama\u00e7layan program\u0131n Faz 1 a\u015famas\u0131n\u0131 ba\u015far\u0131yla tamamlad\u0131k. Bu s\u00fcre\u00e7 kapsam\u0131nda, Mevcut Durum Analizimiz ve S\u00fcrd\u00fcr\u00fclebilirlik Yol Haritam\u0131z Bakanl\u0131k nezdinde sunulmu\u015ftur. S\u00fcre\u00e7 boyunca de\u011ferli katk\u0131lar\u0131yla yan\u0131m\u0131zda olan Greenlife Dan\u0131\u015fmanl\u0131k ekibine te\u015fekk\u00fcr ederiz. Bu s\u00fcre\u00e7 kapsam\u0131nda, Mevcut Durum Analizimiz ve S\u00fcrd\u00fcr\u00fclebilirlik [&hellip;]","og_url":"https:\/\/www.erateks.com\/tr\/yesil-mutabakat-yolculugumuzda-onemli-bir-adim\/","og_site_name":"Erateks Tekstil","article_published_time":"2026-03-26T12:26:09+00:00","article_modified_time":"2026-04-07T12:30:53+00:00","og_image":[{"width":800,"height":537,"url":"https:\/\/www.erateks.com\/wp-content\/uploads\/responsible.jpeg","type":"image\/jpeg"}],"author":"info@kentcode.com","twitter_card":"summary_large_image","twitter_misc":{"Yazan:":"info@kentcode.com","Tahmini okuma s\u00fcresi":"1 dakika"},"schema":{"@context":"https:\/\/schema.org","@graph":[{"@type":"Article","@id":"https:\/\/www.erateks.com\/tr\/yesil-mutabakat-yolculugumuzda-onemli-bir-adim\/#article","isPartOf":{"@id":"https:\/\/www.erateks.com\/tr\/yesil-mutabakat-yolculugumuzda-onemli-bir-adim\/"},"author":{"name":"info@kentcode.com","@id":"https:\/\/www.erateks.com\/tr\/#\/schema\/person\/80edda29e98016c17aa5fd3999f2d701"},"headline":"Ye\u015fil Mutabakat Yolculu\u011fumuzda \u00d6nemli Bir Ad\u0131m","datePublished":"2026-03-26T12:26:09+00:00","dateModified":"2026-04-07T12:30:53+00:00","mainEntityOfPage":{"@id":"https:\/\/www.erateks.com\/tr\/yesil-mutabakat-yolculugumuzda-onemli-bir-adim\/"},"wordCount":131,"publisher":{"@id":"https:\/\/www.erateks.com\/tr\/#organization"},"image":{"@id":"https:\/\/www.erateks.com\/tr\/yesil-mutabakat-yolculugumuzda-onemli-bir-adim\/#primaryimage"},"thumbnailUrl":"https:\/\/www.erateks.com\/wp-content\/uploads\/responsible.jpeg","articleSection":["Uncategorized @tr"],"inLanguage":"tr","copyrightYear":"2026","copyrightHolder":{"@id":"https:\/\/www.erateks.com\/#organization"}},{"@type":"WebPage","@id":"https:\/\/www.erateks.com\/tr\/yesil-mutabakat-yolculugumuzda-onemli-bir-adim\/","url":"https:\/\/www.erateks.com\/tr\/yesil-mutabakat-yolculugumuzda-onemli-bir-adim\/","name":"Ye\u015fil Mutabakat Yolculu\u011fumuzda \u00d6nemli Bir Ad\u0131m - Erateks Tekstil","isPartOf":{"@id":"https:\/\/www.erateks.com\/tr\/#website"},"primaryImageOfPage":{"@id":"https:\/\/www.erateks.com\/tr\/yesil-mutabakat-yolculugumuzda-onemli-bir-adim\/#primaryimage"},"image":{"@id":"https:\/\/www.erateks.com\/tr\/yesil-mutabakat-yolculugumuzda-onemli-bir-adim\/#primaryimage"},"thumbnailUrl":"https:\/\/www.erateks.com\/wp-content\/uploads\/responsible.jpeg","datePublished":"2026-03-26T12:26:09+00:00","dateModified":"2026-04-07T12:30:53+00:00","breadcrumb":{"@id":"https:\/\/www.erateks.com\/tr\/yesil-mutabakat-yolculugumuzda-onemli-bir-adim\/#breadcrumb"},"inLanguage":"tr","potentialAction":[{"@type":"ReadAction","target":["https:\/\/www.erateks.com\/tr\/yesil-mutabakat-yolculugumuzda-onemli-bir-adim\/"]}]},{"@type":"ImageObject","inLanguage":"tr","@id":"https:\/\/www.erateks.com\/tr\/yesil-mutabakat-yolculugumuzda-onemli-bir-adim\/#primaryimage","url":"https:\/\/www.erateks.com\/wp-content\/uploads\/responsible.jpeg","contentUrl":"https:\/\/www.erateks.com\/wp-content\/uploads\/responsible.jpeg","width":800,"height":537,"caption":"Ye\u015fil Mutabakat Yolculu\u011fumuzda \u00d6nemli Bir Ad\u0131m"},{"@type":"BreadcrumbList","@id":"https:\/\/www.erateks.com\/tr\/yesil-mutabakat-yolculugumuzda-onemli-bir-adim\/#breadcrumb","itemListElement":[{"@type":"ListItem","position":1,"name":"Home","item":"https:\/\/www.erateks.com\/tr\/"},{"@type":"ListItem","position":2,"name":"Ye\u015fil Mutabakat Yolculu\u011fumuzda \u00d6nemli Bir Ad\u0131m"}]},{"@type":"WebSite","@id":"https:\/\/www.erateks.com\/tr\/#website","url":"https:\/\/www.erateks.com\/tr\/","name":"Erateks Tekstil","description":"","publisher":{"@id":"https:\/\/www.erateks.com\/tr\/#organization"},"alternateName":"Erateks Textile","potentialAction":[{"@type":"SearchAction","target":{"@type":"EntryPoint","urlTemplate":"https:\/\/www.erateks.com\/tr\/?s={search_term_string}"},"query-input":{"@type":"PropertyValueSpecification","valueRequired":true,"valueName":"search_term_string"}}],"inLanguage":"tr"},{"@type":"Organization","@id":"https:\/\/www.erateks.com\/tr\/#organization","name":"Erateks Tekstil","alternateName":"Erateks Textile","url":"https:\/\/www.erateks.com\/tr\/","logo":{"@type":"ImageObject","inLanguage":"tr","@id":"https:\/\/www.erateks.com\/tr\/#\/schema\/logo\/image\/","url":"https:\/\/www.erateks.com\/wp-content\/uploads\/1.-Logo-Erateks-Main.png","contentUrl":"https:\/\/www.erateks.com\/wp-content\/uploads\/1.-Logo-Erateks-Main.png","width":1510,"height":526,"caption":"Erateks Tekstil"},"image":{"@id":"https:\/\/www.erateks.com\/tr\/#\/schema\/logo\/image\/"},"sameAs":["https:\/\/www.linkedin.com\/company\/erateks-tekstil\/","https:\/\/www.instagram.com\/eratekstekstil"],"description":"Innovative in Product. Sustainable in Practice. Active in Performance. Erateks is a leading manufacturer of high-performance, responsibly made sportswear for global brands. We combine innovative materials, technical expertise, and sustainable practices to deliver apparel that meets the demands of today\u2019s athletes and active lifestyles.","legalName":"Erateks Tekstil San. ve Tic. A.\u015e.","foundingDate":"1992-01-01","numberOfEmployees":{"@type":"QuantitativeValue","minValue":"1001","maxValue":"5000"},"publishingPrinciples":"https:\/\/www.erateks.com\/personal-data-protection\/","ownershipFundingInfo":"https:\/\/www.erateks.com\/personal-data-protection\/","actionableFeedbackPolicy":"https:\/\/www.erateks.com\/personal-data-protection\/","correctionsPolicy":"https:\/\/www.erateks.com\/personal-data-protection\/","ethicsPolicy":"https:\/\/www.erateks.com\/personal-data-protection\/","diversityPolicy":"https:\/\/www.erateks.com\/personal-data-protection\/","diversityStaffingReport":"https:\/\/www.erateks.com\/personal-data-protection\/"},{"@type":"Person","@id":"https:\/\/www.erateks.com\/tr\/#\/schema\/person\/80edda29e98016c17aa5fd3999f2d701","name":"info@kentcode.com","sameAs":["http:\/\/erateks.com"]}]}},"_links":{"self":[{"href":"https:\/\/www.erateks.com\/tr\/wp-json\/wp\/v2\/posts\/2867","targetHints":{"allow":["GET"]}}],"collection":[{"href":"https:\/\/www.erateks.com\/tr\/wp-json\/wp\/v2\/posts"}],"about":[{"href":"https:\/\/www.erateks.com\/tr\/wp-json\/wp\/v2\/types\/post"}],"author":[{"embeddable":true,"href":"https:\/\/www.erateks.com\/tr\/wp-json\/wp\/v2\/users\/1"}],"replies":[{"embeddable":true,"href":"https:\/\/www.erateks.com\/tr\/wp-json\/wp\/v2\/comments?post=2867"}],"version-history":[{"count":1,"href":"https:\/\/www.erateks.com\/tr\/wp-json\/wp\/v2\/posts\/2867\/revisions"}],"predecessor-version":[{"id":2868,"href":"https:\/\/www.erateks.com\/tr\/wp-json\/wp\/v2\/posts\/2867\/revisions\/2868"}],"wp:featuredmedia":[{"embeddable":true,"href":"https:\/\/www.erateks.com\/tr\/wp-json\/wp\/v2\/media\/2866"}],"wp:attachment":[{"href":"https:\/\/www.erateks.com\/tr\/wp-json\/wp\/v2\/media?parent=2867"}],"wp:term":[{"taxonomy":"category","embeddable":true,"href":"https:\/\/www.erateks.com\/tr\/wp-json\/wp\/v2\/categories?post=2867"},{"taxonomy":"post_tag","embeddable":true,"href":"https:\/\/www.erateks.com\/tr\/wp-json\/wp\/v2\/tags?post=2867"}],"curies":[{"name":"wp","href":"https:\/\/api.w.org\/{rel}","templated":true}]}}